{"id":20,"date":"2021-02-25T20:25:29","date_gmt":"2021-02-25T23:25:29","guid":{"rendered":"https:\/\/popplus.com.br\/vitrine\/?p=20"},"modified":"2021-04-11T19:18:50","modified_gmt":"2021-04-11T22:18:50","slug":"amelia-do-avesso","status":"publish","type":"post","link":"https:\/\/popplus.com.br\/vitrine\/amelia-do-avesso\/","title":{"rendered":"Am\u00e9lia do Avesso"},"content":{"rendered":"<p><span style=\"font-weight: 400;\">Saindo do forno agora, Am\u00e9lia do Avesso \u00e9 uma marca que vem apostando em conte\u00fado e relacionamento para apresentar seus conceitos para o p\u00fablico antes da chegada da primeira cole\u00e7\u00e3o. Os looks criados por Mirna Taino prometem aten\u00e7\u00e3o aos detalhes, tamanhos inclusivos e estampas fof\u00edssimas. Sua grade inicial vai do 46 ao 62.<\/span><\/p>\n","protected":false},"excerpt":{"rendered":"<p>Saindo do forno agora, Am\u00e9lia do Avesso \u00e9 uma marca que vem apostando em conte\u00fado e relacionamento para apresentar seus conceitos para o p\u00fablico antes da chegada da primeira cole\u00e7\u00e3o. Os looks criados por Mirna Taino prometem aten\u00e7\u00e3o aos detalhes, tamanhos inclusivos e estampas fof\u00edssimas. Sua grade inicial vai do 46 ao 62.<\/p>\n","protected":false},"author":1,"featured_media":0,"comment_status":"closed","ping_status":"closed","sticky":false,"template":"","format":"standard","meta":{"footnotes":""},"categories":[4],"tags":[],"class_list":["post-20","post","type-post","status-publish","format-standard","hentry","category-moda-feminina"],"yoast_head":"<!-- This site is optimized with the Yoast SEO plugin v16.0.2 - https:\/\/yoast.com\/wordpress\/plugins\/seo\/ -->\n<link rel=\"canonical\" href=\"https:\/\/popplus.com.br\/vitrine\/amelia-do-avesso\/\" \/>\n<meta property=\"og:locale\" content=\"pt_BR\" \/>\n<meta property=\"og:type\" content=\"article\" \/>\n<meta property=\"og:title\" content=\"Am\u00e9lia do Avesso - Vitrine Pop Plus\" \/>\n<meta property=\"og:description\" content=\"Saindo do forno agora, Am\u00e9lia do Avesso \u00e9 uma marca que vem apostando em conte\u00fado e relacionamento para apresentar seus conceitos para o p\u00fablico antes da chegada da primeira cole\u00e7\u00e3o. Os looks criados por Mirna Taino prometem aten\u00e7\u00e3o aos detalhes, tamanhos inclusivos e estampas fof\u00edssimas. Sua grade inicial vai do 46 ao 62.\" \/>\n<meta property=\"og:url\" content=\"https:\/\/popplus.com.br\/vitrine\/amelia-do-avesso\/\" \/>\n<meta property=\"og:site_name\" content=\"Vitrine Pop Plus\" \/>\n<meta property=\"article:published_time\" content=\"2021-02-25T23:25:29+00:00\" \/>\n<meta property=\"article:modified_time\" content=\"2021-04-11T22:18:50+00:00\" \/>\n<meta name=\"twitter:card\" content=\"summary_large_image\" \/>\n<script type=\"application\/ld+json\" class=\"yoast-schema-graph\">{\"@context\":\"https:\/\/schema.org\",\"@graph\":[{\"@type\":\"WebSite\",\"@id\":\"https:\/\/popplus.com.br\/vitrine\/#website\",\"url\":\"https:\/\/popplus.com.br\/vitrine\/\",\"name\":\"Vitrine Pop Plus\",\"description\":\"\",\"potentialAction\":[{\"@type\":\"SearchAction\",\"target\":\"https:\/\/popplus.com.br\/vitrine\/?s={search_term_string}\",\"query-input\":\"required name=search_term_string\"}],\"inLanguage\":\"pt-BR\"},{\"@type\":\"WebPage\",\"@id\":\"https:\/\/popplus.com.br\/vitrine\/amelia-do-avesso\/#webpage\",\"url\":\"https:\/\/popplus.com.br\/vitrine\/amelia-do-avesso\/\",\"name\":\"Am\\u00e9lia do Avesso - Vitrine Pop Plus\",\"isPartOf\":{\"@id\":\"https:\/\/popplus.com.br\/vitrine\/#website\"},\"datePublished\":\"2021-02-25T23:25:29+00:00\",\"dateModified\":\"2021-04-11T22:18:50+00:00\",\"author\":{\"@id\":\"https:\/\/popplus.com.br\/vitrine\/#\/schema\/person\/5b596751c177846de063d1c479c80533\"},\"breadcrumb\":{\"@id\":\"https:\/\/popplus.com.br\/vitrine\/amelia-do-avesso\/#breadcrumb\"},\"inLanguage\":\"pt-BR\",\"potentialAction\":[{\"@type\":\"ReadAction\",\"target\":[\"https:\/\/popplus.com.br\/vitrine\/amelia-do-avesso\/\"]}]},{\"@type\":\"BreadcrumbList\",\"@id\":\"https:\/\/popplus.com.br\/vitrine\/amelia-do-avesso\/#breadcrumb\",\"itemListElement\":[{\"@type\":\"ListItem\",\"position\":1,\"item\":{\"@type\":\"WebPage\",\"@id\":\"https:\/\/popplus.com.br\/vitrine\/\",\"url\":\"https:\/\/popplus.com.br\/vitrine\/\",\"name\":\"In\\u00edcio\"}},{\"@type\":\"ListItem\",\"position\":2,\"item\":{\"@type\":\"WebPage\",\"@id\":\"https:\/\/popplus.com.br\/vitrine\/amelia-do-avesso\/\",\"url\":\"https:\/\/popplus.com.br\/vitrine\/amelia-do-avesso\/\",\"name\":\"Am\\u00e9lia do Avesso\"}}]},{\"@type\":\"Person\",\"@id\":\"https:\/\/popplus.com.br\/vitrine\/#\/schema\/person\/5b596751c177846de063d1c479c80533\",\"name\":\"root\",\"image\":{\"@type\":\"ImageObject\",\"@id\":\"https:\/\/popplus.com.br\/vitrine\/#personlogo\",\"inLanguage\":\"pt-BR\",\"url\":\"https:\/\/secure.gravatar.com\/avatar\/4aecda8b3ba6df929f7511e67aae19ce0bc388519aff355e42fceae5fcffc8e5?s=96&d=mm&r=g\",\"caption\":\"root\"},\"sameAs\":[\"http:\/\/popplus.com.br\/_vitrine\"]}]}<\/script>\n<!-- \/ Yoast SEO plugin. -->","_links":{"self":[{"href":"https:\/\/popplus.com.br\/vitrine\/wp-json\/wp\/v2\/posts\/20","targetHints":{"allow":["GET"]}}],"collection":[{"href":"https:\/\/popplus.com.br\/vitrine\/wp-json\/wp\/v2\/posts"}],"about":[{"href":"https:\/\/popplus.com.br\/vitrine\/wp-json\/wp\/v2\/types\/post"}],"author":[{"embeddable":true,"href":"https:\/\/popplus.com.br\/vitrine\/wp-json\/wp\/v2\/users\/1"}],"replies":[{"embeddable":true,"href":"https:\/\/popplus.com.br\/vitrine\/wp-json\/wp\/v2\/comments?post=20"}],"version-history":[{"count":18,"href":"https:\/\/popplus.com.br\/vitrine\/wp-json\/wp\/v2\/posts\/20\/revisions"}],"predecessor-version":[{"id":257,"href":"https:\/\/popplus.com.br\/vitrine\/wp-json\/wp\/v2\/posts\/20\/revisions\/257"}],"wp:attachment":[{"href":"https:\/\/popplus.com.br\/vitrine\/wp-json\/wp\/v2\/media?parent=20"}],"wp:term":[{"taxonomy":"category","embeddable":true,"href":"https:\/\/popplus.com.br\/vitrine\/wp-json\/wp\/v2\/categories?post=20"},{"taxonomy":"post_tag","embeddable":true,"href":"https:\/\/popplus.com.br\/vitrine\/wp-json\/wp\/v2\/tags?post=20"}],"curies":[{"name":"wp","href":"https:\/\/api.w.org\/{rel}","templated":true}]}}